{"id":65749,"date":"2025-09-25T08:33:16","date_gmt":"2025-09-25T08:33:16","guid":{"rendered":"http:\/\/wallacegberger.com\/?p=65749"},"modified":"2025-09-25T12:28:10","modified_gmt":"2025-09-25T12:28:10","slug":"a-doxi-ciklin-jogi-es-szabalyozasi-statusza","status":"publish","type":"post","link":"https:\/\/wallacegberger.com\/?p=65749","title":{"rendered":"A doxi -ciklin jogi \u00e9s szab\u00e1lyoz\u00e1si st\u00e1tusza: v\u00e9nyk\u00f6teles szab\u00e1lyok \u00e9s rendelkez\u00e9sre \u00e1ll\u00e1s"},"content":{"rendered":"<p>A doxi -ciklin jogi \u00e9s szab\u00e1lyoz\u00e1si st\u00e1tusa mag\u00e1ban foglalja a k\u00fcl\u00f6nf\u00e9le orsz\u00e1gokban elt\u00e9r\u0151 v\u00e9nyk\u00f6teles k\u00f6vetelm\u00e9nyeket \u00e9s rendelkez\u00e9sre \u00e1ll\u00e1st, befoly\u00e1solva annak hozz\u00e1f\u00e9rhet\u0151s\u00e9g\u00e9t \u00e9s felhaszn\u00e1l\u00e1s\u00e1t.<\/p>\n<p>A Doxycycline -t, a tetraciklin antibiotikumok csal\u00e1dj\u00e1nak tagj\u00e1t sz\u00e9les k\u00f6rben haszn\u00e1lj\u00e1k k\u00fcl\u00f6nf\u00e9le bakteri\u00e1lis fert\u0151z\u00e9sek kezel\u00e9s\u00e9re. Hat\u00e9konys\u00e1ga olyan \u00e1llapotokkal szemben, mint p\u00e9ld\u00e1ul a l\u00e9g\u00fati fert\u0151z\u00e9sek, a b\u0151rfert\u0151z\u00e9sek \u00e9s bizonyos szexu\u00e1lis \u00faton terjed\u0151 betegs\u00e9gek, \u00e9s ez alapvet\u0151 gy\u00f3gyszerr\u00e9 teszi az eg\u00e9szs\u00e9g\u00fcgyi ell\u00e1t\u00e1st. A Doxycycline receptj\u00e9t \u00e9s el\u00e9rhet\u0151s\u00e9g\u00e9t szab\u00e1lyoz\u00f3 jogi \u00e9s szab\u00e1lyoz\u00e1si keretek azonban jelent\u0151sen befoly\u00e1solhatj\u00e1k annak haszn\u00e1lat\u00e1t. Ezeknek a kereteknek a meg\u00e9rt\u00e9se elengedhetetlen az eg\u00e9szs\u00e9g\u00fcgyi szakemberek, a betegek \u00e9s a politikai d\u00f6nt\u00e9shoz\u00f3k sz\u00e1m\u00e1ra egyar\u00e1nt.<\/p>\n<h2>A doxiciklin szerepe a modern orvosl\u00e1sban<\/h2>\n<p>A doxyciklin sz\u00e9les spektrum\u00fa antibakteri\u00e1lis tulajdons\u00e1gair\u00f3l ismert, \u00edgy sokoldal\u00fa kezel\u00e9si lehet\u0151s\u00e9get k\u00edn\u00e1l. \u00dagy m\u0171k\u00f6dik, hogy g\u00e1tolja a bakt\u00e9riumok feh\u00e9rje szint\u00e9zis\u00e9t, ez\u00e1ltal megakad\u00e1lyozva azok n\u00f6veked\u00e9s\u00e9t \u00e9s szorz\u00e1s\u00e1t. Ez a hat\u00e1smechanizmus a doxiciklint hat\u00e9konys\u00e1 teszi a bakteri\u00e1lis k\u00f3rokoz\u00f3k sz\u00e9les sk\u00e1l\u00e1j\u00e1val szemben. Ezenk\u00edv\u00fcl gyullad\u00e1scs\u00f6kkent\u0151 tulajdons\u00e1gai hasznoss\u00e1 teszik a pattan\u00e1sok \u00e9s a rosacea olyan k\u00f6r\u00fclm\u00e9nyek kezel\u00e9s\u00e9ben, mint a pattan\u00e1sok \u00e9s a rosacea.<\/p>\n<p>Az ut\u00f3bbi \u00e9vekben a doxiciklin felh\u00edvta a figyelmet a potenci\u00e1lis szerep\u00e9re nem csup\u00e1n fert\u0151z\u00e9sek kezel\u00e9s\u00e9ben. A kutat\u00e1sok azt sugallj\u00e1k, hogy alkalmazhat\u00f3k lehetnek bizonyos gyullad\u00e1sos \u00e1llapotok kezel\u00e9s\u00e9ben, s\u0151t a mal\u00e1ria elleni k\u00fczdelemben is. Az ilyen sokoldal\u00fas\u00e1g hangs\u00falyozza annak fontoss\u00e1g\u00e1t, hogy a doxiciklin rendelkez\u00e9sre \u00e1lljon azok sz\u00e1m\u00e1ra, akiknek sz\u00fcks\u00e9g\u00fck van r\u00e1, mik\u00f6zben fenntartj\u00e1k a megfelel\u0151 szab\u00e1lyoz\u00e1si kontrollokat.<\/p>\n<h2>V\u00e9nyk\u00f6teles rendeletek vil\u00e1gszerte<\/h2>\n<h3>Egyes\u00fclt \u00c1llamok<\/h3>\n<p>Az Egyes\u00fclt \u00c1llamokban a doxiciklint csak v\u00e9nyk\u00f6teles gy\u00f3gyszernek min\u0151s\u00edtik. Az \u00c9lelmiszer- \u00e9s Gy\u00f3gyszer\u00fcgyn\u00f6ks\u00e9g (FDA) k\u00f6telezi, hogy az antibiotikumokat, bele\u00e9rtve a doxiciklint is, egy enged\u00e9llyel rendelkez\u0151 eg\u00e9szs\u00e9g\u00fcgyi szolg\u00e1ltat\u00f3 \u00edrja el\u0151. Ez a szab\u00e1lyoz\u00e1s a hat\u00e1lyban van az antibiotikumokkal szembeni ellen\u00e1ll\u00e1s lek\u00fczd\u00e9s\u00e9re, ami n\u00f6vekv\u0151 k\u00f6zeg\u00e9szs\u00e9g\u00fcgyi aggodalomra ad okot. Az antibiotikumok eloszl\u00e1s\u00e1nak ellen\u0151rz\u00e9s\u00e9vel az FDA c\u00e9lja annak biztos\u00edt\u00e1sa, hogy megfelel\u0151 m\u00f3don \u00e9s csak sz\u00fcks\u00e9g eset\u00e9n haszn\u00e1lj\u00e1k \u0151ket.<\/p>\n<h3>Egyes\u00fclt Kir\u00e1lys\u00e1g<\/h3>\n<p>Hasonl\u00f3k\u00e9ppen, az Egyes\u00fclt Kir\u00e1lys\u00e1gban a doxiciklin csak recepttel kaphat\u00f3. A Gy\u00f3gyszer- \u00e9s Eg\u00e9szs\u00e9g\u00fcgyi Term\u00e9kek Szab\u00e1lyoz\u00f3 \u00dcgyn\u00f6ks\u00e9ge (MHRA) fel\u00fcgyeli a gy\u00f3gyszerek szab\u00e1lyoz\u00e1s\u00e1t, ide\u00e9rtve az antibiotikumokat is. A csak v\u00e9nyk\u00f6teles st\u00e1tus a vissza\u00e9l\u00e9s \u00e9s a t\u00falzott felhaszn\u00e1l\u00e1s megakad\u00e1lyoz\u00e1s\u00e1ra szolg\u00e1l, amely hozz\u00e1j\u00e1rulhat a rezisztens bakt\u00e9rium t\u00f6rzsek kialakul\u00e1s\u00e1hoz.<\/p>\n<h3>Ausztr\u00e1lia<\/h3>\n<p>Ausztr\u00e1li\u00e1ban a doxiciklint csak v\u00e9nyk\u00f6teles <a href=\"https:\/\/egeszseg-patika.com\/megrendeles-doxycycline-online-veny-nelkul\">Doxycycline \u00c1r<\/a> gy\u00f3gyszernek is besorolj\u00e1k. A ter\u00e1pi\u00e1s term\u00e9kek adminisztr\u00e1ci\u00f3ja (TGA) szab\u00e1lyozza annak haszn\u00e1lat\u00e1t, biztos\u00edtva, hogy az eg\u00e9szs\u00e9g\u00fcgyi szakemberek megfelel\u0151 m\u00f3don \u00edrj\u00e1k el\u0151. A TGA ir\u00e1nyelvei \u00f6sszehangol\u00f3dnak az antibiotikumokkal szembeni ellen\u00e1ll\u00e1s enyh\u00edt\u00e9s\u00e9re ir\u00e1nyul\u00f3 glob\u00e1lis er\u0151fesz\u00edt\u00e9sekhez a gondos v\u00e9nyk\u00f6teles gyakorlatok r\u00e9v\u00e9n.<\/p>\n<h3>Fejl\u0151d\u0151 orsz\u00e1gok<\/h3>\n<p>Sok fejl\u0151d\u0151 orsz\u00e1gban a doxiciklin k\u00f6r\u00fclvev\u0151 szab\u00e1lyok kev\u00e9sb\u00e9 lehetnek szigor\u00faak. M\u00edg egyes orsz\u00e1gok receptre van sz\u00fcks\u00e9g\u00fck, m\u00e1sok enged\u00e9lyezik az antibiotikumok, bele\u00e9rtve a doxiciklint is, a v\u00e9ny n\u00e9lk\u00fcl kaphat\u00f3 \u00e9rt\u00e9kes\u00edt\u00e9st enged\u00e9lyezik. Ez a szab\u00e1lyoz\u00e1sban bek\u00f6vetkez\u0151 elt\u00e9r\u00e9s sz\u00e9les k\u00f6r\u0171 vissza\u00e9l\u00e9shez \u00e9s t\u00falhaszn\u00e1lathoz vezethet, s\u00falyosb\u00edtva az antibiotikumokkal szembeni rezisztencia k\u00e9rd\u00e9s\u00e9t. Er\u0151fesz\u00edt\u00e9seket tesznek glob\u00e1lisan a szab\u00e1lyok harmoniz\u00e1l\u00e1sa \u00e9s a felel\u0151ss\u00e9gteljes antibiotikumok el\u0151mozd\u00edt\u00e1sa \u00e9rdek\u00e9ben.<\/p>\n<h2>El\u00e9rhet\u0151s\u00e9g \u00e9s akad\u00e1lymentess\u00e9g<\/h2>\n<p>A doxiciklin rendelkez\u00e9sre \u00e1ll\u00e1sa az orsz\u00e1gok k\u00f6z\u00f6tt jelent\u0151sen elt\u00e9rhet. A magas j\u00f6vedelm\u0171 orsz\u00e1gokban a doxiciklinell\u00e1t\u00e1s \u00e1ltal\u00e1ban stabil, j\u00f3l megalapozott eloszt\u00f3h\u00e1l\u00f3zatokkal, biztos\u00edtva, hogy sz\u00fcks\u00e9g szerint el\u00e9rje a gy\u00f3gyszert\u00e1rakat \u00e9s az eg\u00e9szs\u00e9g\u00fcgyi l\u00e9tes\u00edtm\u00e9nyeket. Ezzel szemben az alacsony j\u00f6vedelm\u0171 r\u00e9gi\u00f3kban a logisztikai kih\u00edv\u00e1sok \u00e9s a korl\u00e1tozott er\u0151forr\u00e1sok befoly\u00e1solhatj\u00e1k a gy\u00f3gyszerek rendelkez\u00e9sre \u00e1ll\u00e1s\u00e1t.<\/p>\n<p>S\u0151t, a doxyciklin k\u00f6lts\u00e9gei befoly\u00e1solhatj\u00e1k hozz\u00e1f\u00e9rhet\u0151s\u00e9g\u00e9t. Noha sok orsz\u00e1gban \u00e1ltal\u00e1ban megfizethet\u0151, az ell\u00e1t\u00e1si l\u00e1nc megszak\u00edt\u00e1sai vagy a piaci dinamika miatti \u00e1ringadoz\u00e1sok befoly\u00e1solhatj\u00e1k a betegek k\u00e9pess\u00e9g\u00e9t a gy\u00f3gyszeres kezel\u00e9shez. A k\u00f6lts\u00e9gek cs\u00f6kkent\u00e9s\u00e9re \u00e9s az ell\u00e1t\u00e1si l\u00e1ncok jav\u00edt\u00e1s\u00e1ra ir\u00e1nyul\u00f3 kezdem\u00e9nyez\u00e9sek d\u00f6nt\u0151 jelent\u0151s\u00e9g\u0171ek a doxyciklinhez val\u00f3 m\u00e9lt\u00e1nyos hozz\u00e1f\u00e9r\u00e9s biztos\u00edt\u00e1s\u00e1hoz.<\/p>\n<h2>A szab\u00e1lyoz\u00e1si st\u00e1tusz hat\u00e1sa a k\u00f6zeg\u00e9szs\u00e9gre<\/h2>\n<p>A doxi -ciklin szab\u00e1lyoz\u00e1si st\u00e1tusa k\u00f6zvetlen hat\u00e1ssal van a k\u00f6zeg\u00e9szs\u00e9g\u00fcgyi eredm\u00e9nyekre. Csak a v\u00e9nyk\u00f6teles szab\u00e1lyoz\u00e1sok seg\u00edtenek abban, hogy a gy\u00f3gyszert megfontosan haszn\u00e1lj\u00e1k, cs\u00f6kkentve az antibiotikumokkal szembeni rezisztencia kock\u00e1zat\u00e1t. A szigor\u00fa szab\u00e1lyoz\u00e1s azonban korl\u00e1tozhatja a s\u00fcrg\u0151s sz\u00fcks\u00e9gletek hozz\u00e1f\u00e9r\u00e9s\u00e9t is, k\u00fcl\u00f6n\u00f6sen azokban a r\u00e9gi\u00f3kban, ahol az eg\u00e9szs\u00e9g\u00fcgyi szolg\u00e1ltat\u00e1sok ritk\u00e1k.<\/p>\n<p>A szab\u00e1lyoz\u00e1s sz\u00fcks\u00e9gess\u00e9g\u00e9nek kiegyens\u00falyoz\u00e1sa a hozz\u00e1f\u00e9r\u00e9s sz\u00fcks\u00e9gess\u00e9g\u00e9vel \u00f6sszetett kih\u00edv\u00e1s. A politikai d\u00f6nt\u00e9shoz\u00f3knak figyelembe kell venni\u00fck mind a rezisztencia kock\u00e1zatait, mind a betegek ig\u00e9nyeit a szab\u00e1lyoz\u00e1s kidolgoz\u00e1sakor. A nemzeti \u00e9s a nemzetk\u00f6zi szint\u0171 egy\u00fcttm\u0171k\u00f6d\u00e9si er\u0151fesz\u00edt\u00e9sek elengedhetetlenek ezeknek a kih\u00edv\u00e1soknak a kezel\u00e9s\u00e9ben.<\/p>\n<h2>J\u00f6v\u0151beli ir\u00e1nyok \u00e9s megfontol\u00e1sok<\/h2>\n<p>Ahogy a glob\u00e1lis eg\u00e9szs\u00e9g\u00fcgyi k\u00f6z\u00f6ss\u00e9g tov\u00e1bbra is k\u00fczd az antibiotikumokkal szemben, val\u00f3sz\u00edn\u0171leg fejl\u0151dik az olyan gy\u00f3gyszerek, mint a doxiciklin, p\u00e9ld\u00e1ul a doxiciklin szab\u00e1lyoz\u00e1si t\u00e1jk\u00e9pe. A bakteri\u00e1lis fert\u0151z\u00e9sek gyors azonos\u00edt\u00e1s\u00e1t lehet\u0151v\u00e9 tev\u0151 diagnosztikai technol\u00f3gi\u00e1k innov\u00e1ci\u00f3i befoly\u00e1solhatj\u00e1k a v\u00e9nyk\u00f6teles gyakorlatokat, biztos\u00edtva, hogy az antibiotikumokat csak akkor haszn\u00e1lj\u00e1k, ha val\u00f3ban sz\u00fcks\u00e9gesek.<\/p>\n<p>Ezenk\u00edv\u00fcl az alternat\u00edv kezel\u00e9sek \u00e9s az \u00faj antibiotikumok fejleszt\u00e9s\u00e9nek kutat\u00e1sa kritikus fontoss\u00e1g\u00fa a megl\u00e9v\u0151 gy\u00f3gyszerekre val\u00f3 t\u00e1maszkod\u00e1s cs\u00f6kkent\u00e9s\u00e9ben. Az ilyen fejleszt\u00e9sek \u00e1talak\u00edthatj\u00e1k a jogi \u00e9s a szab\u00e1lyoz\u00e1si keretet, \u00faj lehet\u0151s\u00e9geket biztos\u00edtva a bakteri\u00e1lis fert\u0151z\u00e9sek fenntarthat\u00f3 lek\u00fczd\u00e9s\u00e9re.<\/p>\n<h2>K\u00f6vetkeztet\u00e9s<\/h2>\n<p>A doxiciklin jogi \u00e9s szab\u00e1lyoz\u00e1si st\u00e1tusa kulcsszerepet j\u00e1tszik az orvosi kezel\u00e9shez \u00e9s hat\u00e9konys\u00e1g\u00e1ban, mint orvosi kezel\u00e9s. M\u00edg a v\u00e9nyk\u00f6teles k\u00f6vetelm\u00e9nyek seg\u00edtenek enyh\u00edteni az antibiotikum -rezisztencia kock\u00e1zat\u00e1t, kiegyens\u00falyozottnak kell lenni\u00fck a betegek hozz\u00e1f\u00e9r\u00e9s\u00e9nek sz\u00fcks\u00e9gess\u00e9g\u00e9vel. Ahogy az eg\u00e9szs\u00e9g\u00fcgyi rendszerek fejl\u0151dnek, \u00e9s \u00faj kih\u00edv\u00e1sok mer\u00fclnek fel, e rendeletek folyamatos \u00e9rt\u00e9kel\u00e9se \u00e9s adapt\u00e1ci\u00f3ja elengedhetetlen a k\u00f6zeg\u00e9szs\u00e9g\u00fcgy v\u00e9delm\u00e9hez.<\/p>\n<h2>Gyakran feltett k\u00e9rd\u00e9seket<\/h2>\n<h3>A doxyciklin-e a t\u0151zsd\u00e9n k\u00edv\u00fcli lehet\u0151s\u00e9gek b\u00e1rmely orsz\u00e1gban?<\/h3>\n<p>N\u00e9h\u00e1ny fejl\u0151d\u0151 orsz\u00e1gban a doxiciklin el\u00e9rhet\u0151 lehet a t\u0151zsd\u00e9n k\u00edv\u00fcl. A legt\u00f6bb magas j\u00f6vedelm\u0171 orsz\u00e1g, bele\u00e9rtve az Egyes\u00fclt \u00c1llamokat, az Egyes\u00fclt Kir\u00e1lys\u00e1got \u00e9s Ausztr\u00e1li\u00e1t, a doxyciklin v\u00e1s\u00e1rl\u00e1s\u00e1hoz sz\u00fcks\u00e9ges receptre van sz\u00fcks\u00e9g.<\/p>\n<h3>Milyen k\u00f6vetkezm\u00e9nyei vannak a doxiciklin vissza\u00e9l\u00e9s\u00e9nek?<\/h3>\n<p>A doxiciklin vissza\u00e9l\u00e9se antibiotikum -rezisztenci\u00e1hoz vezethet, \u00edgy kev\u00e9sb\u00e9 hat\u00e9kony a bakteri\u00e1lis fert\u0151z\u00e9sekkel szemben. Ezenk\u00edv\u00fcl mell\u00e9khat\u00e1sokat \u00e9s potenci\u00e1lis k\u00e1rokat is okozhat a betegeknek, ha nem megfelel\u0151 m\u00f3don haszn\u00e1lj\u00e1k orvosi fel\u00fcgyelet n\u00e9lk\u00fcl.<\/p>\n<h3>Van -e folyamatban l\u00e9v\u0151 er\u0151fesz\u00edt\u00e9s a doxiciklin -szab\u00e1lyoz\u00e1s jav\u00edt\u00e1s\u00e1ra??<\/h3>\n<p>Igen, a nemzetk\u00f6zi eg\u00e9szs\u00e9g\u00fcgyi szervezetek \u00e9s korm\u00e1nyok az antibiotikumok szab\u00e1lyoz\u00e1s\u00e1nak \u00e9s a felel\u0151ss\u00e9gteljes felhaszn\u00e1l\u00e1s el\u0151mozd\u00edt\u00e1s\u00e1n dolgoznak. Az er\u0151fesz\u00edt\u00e9sek magukban foglalj\u00e1k a diagnosztikai eszk\u00f6z\u00f6k fejleszt\u00e9s\u00e9t, az ell\u00e1t\u00e1si l\u00e1ncok jav\u00edt\u00e1s\u00e1t \u00e9s az \u00faj antibiotikumok fejleszt\u00e9s\u00e9nek befektet\u00e9s\u00e9t.<\/p>\n<h3>K\u00e9pes kezelni a v\u00edrusos fert\u0151z\u00e9seket?<\/h3>\n<p>Nem, a doxiciklin antibiotikum, \u00e9s hat\u00e1stalan a v\u00edrusfert\u0151z\u00e9sekkel szemben. Kifejezetten bakteri\u00e1lis fert\u0151z\u00e9sekhez \u00e9s bizonyos egy\u00e9b \u00e1llapotokhoz haszn\u00e1lj\u00e1k, amelyeket az eg\u00e9szs\u00e9g\u00fcgyi szakember el\u0151\u00edr.<\/p>\n<h3>Mit kell tennie a betegeknek, ha nehezen f\u00e9rnek hozz\u00e1 a doxyciklinhez?<\/h3>\n<p>A betegeknek konzult\u00e1lniuk kell az eg\u00e9szs\u00e9g\u00fcgyi szolg\u00e1ltat\u00f3kkal az alternat\u00edv kezel\u00e9si lehet\u0151s\u00e9gekr\u0151l. Megk\u00e9rdezhetik a helyi eg\u00e9szs\u00e9g\u00fcgyi oszt\u00e1lyokkal vagy szervezetekkel olyan seg\u00edts\u00e9gny\u00fajt\u00e1si programokat is, amelyek el\u0151seg\u00edtik a sz\u00fcks\u00e9ges gy\u00f3gyszerekhez val\u00f3 hozz\u00e1f\u00e9r\u00e9st.<\/p>\n","protected":false},"excerpt":{"rendered":"<p>A doxi -ciklin jogi \u00e9s szab\u00e1lyoz\u00e1si st\u00e1tusa mag\u00e1ban foglalja a k\u00fcl\u00f6nf\u00e9le orsz\u00e1gokban elt\u00e9r\u0151 v\u00e9nyk\u00f6teles k\u00f6vetelm\u00e9nyeket \u00e9s rendelkez\u00e9sre \u00e1ll\u00e1st, befoly\u00e1solva annak hozz\u00e1f\u00e9rhet\u0151s\u00e9g\u00e9t \u00e9s felhaszn\u00e1l\u00e1s\u00e1t. A Doxycycline -t, a tetraciklin antibiotikumok csal\u00e1dj\u00e1nak tagj\u00e1t sz\u00e9les k\u00f6rben haszn\u00e1lj\u00e1k k\u00fcl\u00f6nf\u00e9le bakteri\u00e1lis fert\u0151z\u00e9sek kezel\u00e9s\u00e9re. Hat\u00e9konys\u00e1ga olyan \u00e1llapotokkal szemben, mint p\u00e9ld\u00e1ul a l\u00e9g\u00fati fert\u0151z\u00e9sek, a b\u0151rfert\u0151z\u00e9sek \u00e9s bizonyos szexu\u00e1lis \u00faton terjed\u0151 betegs\u00e9gek, [&hellip;]<\/p>\n","protected":false},"author":1,"featured_media":0,"comment_status":"closed","ping_status":"closed","sticky":false,"template":"","format":"standard","meta":{"footnotes":""},"categories":[3436],"tags":[],"class_list":["post-65749","post","type-post","status-publish","format-standard","hentry","category-f1lz4gr6k0ee"],"_links":{"self":[{"href":"https:\/\/wallacegberger.com\/index.php?rest_route=\/wp\/v2\/posts\/65749","targetHints":{"allow":["GET"]}}],"collection":[{"href":"https:\/\/wallacegberger.com\/index.php?rest_route=\/wp\/v2\/posts"}],"about":[{"href":"https:\/\/wallacegberger.com\/index.php?rest_route=\/wp\/v2\/types\/post"}],"author":[{"embeddable":true,"href":"https:\/\/wallacegberger.com\/index.php?rest_route=\/wp\/v2\/users\/1"}],"replies":[{"embeddable":true,"href":"https:\/\/wallacegberger.com\/index.php?rest_route=%2Fwp%2Fv2%2Fcomments&post=65749"}],"version-history":[{"count":1,"href":"https:\/\/wallacegberger.com\/index.php?rest_route=\/wp\/v2\/posts\/65749\/revisions"}],"predecessor-version":[{"id":65750,"href":"https:\/\/wallacegberger.com\/index.php?rest_route=\/wp\/v2\/posts\/65749\/revisions\/65750"}],"wp:attachment":[{"href":"https:\/\/wallacegberger.com\/index.php?rest_route=%2Fwp%2Fv2%2Fmedia&parent=65749"}],"wp:term":[{"taxonomy":"category","embeddable":true,"href":"https:\/\/wallacegberger.com\/index.php?rest_route=%2Fwp%2Fv2%2Fcategories&post=65749"},{"taxonomy":"post_tag","embeddable":true,"href":"https:\/\/wallacegberger.com\/index.php?rest_route=%2Fwp%2Fv2%2Ftags&post=65749"}],"curies":[{"name":"wp","href":"https:\/\/api.w.org\/{rel}","templated":true}]}}